{"id":1150,"date":"2021-11-19T17:42:18","date_gmt":"2021-11-19T16:42:18","guid":{"rendered":"https:\/\/derechointernacionalpublico.umh.es\/?p=1150"},"modified":"2021-12-14T18:15:45","modified_gmt":"2021-12-14T17:15:45","slug":"jornadas-internacionales-la-conferencia-sobre-el-futuro-de-europa","status":"publish","type":"post","link":"https:\/\/derechointernacionalpublico.umh.es\/ca\/2021\/11\/19\/jornadas-internacionales-la-conferencia-sobre-el-futuro-de-europa\/","title":{"rendered":"JORNADAS INTERNACIONALES: LA CONFERENCIA SOBRE EL FUTURO DE EUROPA"},"content":{"rendered":"<p><\/p>\n<p style=\"text-align: justify\">La C\u00e1tedra <em>Jean Monnet<\/em> de la UMH \u201cReforzar los valores de la UE. El papel de la ciudadan\u00eda activa\u201d organiza, con la subvenci\u00f3n de la Presidencia de la Generalitat Valenciana (Resoluci\u00f3n de 6 de junio de 2021) las <strong><em>Jornadas internacionales: La Conferencia sobre el futuro de Europa<\/em><\/strong>.<\/p>\n<p style=\"text-align: justify\">Esta actividad, dirigida por la Prof\u00aa. Dra. Elena Crespo Navarro, Profesora Titular de Derecho Internacional P\u00fablico y Relaciones Internacionales de la UMH y Titular de la C\u00e1tedra <em>Jean Monnet<\/em>, tendr\u00e1 lugar los d\u00edas <strong>24 de noviembre y 1 de diciembre de 2021<\/strong> en las <strong><em>aulas 0.1 y 0.2 del Edifico Arenals<\/em><\/strong> (Campus de Elche).<\/p>\n<p style=\"text-align: justify\">El objeto de las Jornadas ser\u00e1 reflexionar sobre los desaf\u00edos a los que se enfrenta actualmente la UE y sobre cu\u00e1les deben ser sus prioridades en los pr\u00f3ximos a\u00f1os para hacer frente a tales desaf\u00edos, mejorando la capacidad de resiliencia frente a las crisis econ\u00f3micas y sanitarias.<\/p>\n<p style=\"text-align: justify\">Los objetivos de la actividad son: Fomentar el debate y la reflexi\u00f3n sobre los retos a los que ha de hacer frente la UE en los pr\u00f3ximos a\u00f1os. Proporcionar a la ciudadan\u00eda un espacio de encuentro para un debate abierto e inclusivo sobre las cuestiones relacionadas con los \u00e1mbitos de acci\u00f3n de la UE que afectan a su vida cotidiana. Ofrecer a todas las personas interesadas la oportunidad de hacer o\u00edr su voz y participar en la configuraci\u00f3n de las pol\u00edticas y acciones futuras de la UE, promoviendo conversaciones constructivas centradas en la b\u00fasqueda de soluciones a los problemas y favoreciendo el entendimiento y la b\u00fasqueda de consensos. Desarrollar ideas de forma colectiva mediante el trabajo en equipo, basadas en un conocimiento previo de la situaci\u00f3n y en las reflexiones de los expertos.<\/p>\n<p style=\"text-align: justify\">Las Jornadas est\u00e1n <strong>dirigidas<\/strong> a toda la ciudadan\u00eda y se componen de tres mesas redondas y un taller pr\u00e1ctico participativo.<\/p>\n<p style=\"text-align: justify\"><strong>La primera Jornada,<\/strong> que tendr\u00e1 lugar el <strong>d\u00eda 24 de noviembre (Aula 0.2 Edificio Arenals)\u00a0<\/strong>se compone de dos mesas redondas en las que participar\u00e1n profesores expertos en la materia, procedentes de diferentes Universidades espa\u00f1olas e italianas, lo que favorecer\u00e1 el intercambio de ideas, la reflexi\u00f3n y el debate.<\/p>\n<p style=\"text-align: justify\"><em><u>La primera mesa<\/u><\/em>, mi\u00e9rcoles 24 de noviembre <strong>a las 10:15 horas<\/strong>, contar\u00e1 con la participaci\u00f3n como ponentes del <strong><em>Prof. Dr. Valent\u00edn Bou Franch<\/em><\/strong>, Catedr\u00e1tico de Derecho Internacional P\u00fablico y Relaciones Internacionales y titular de la C\u00e1tedra <em>Jean Monnet European Values<\/em>. Universidad de Valencia, del <strong><em>Prof. Dr. Jaume Ferrer Lloret<\/em><\/strong>, Catedr\u00e1tico de Derecho Internacional P\u00fablico y Relaciones Internacionales y Coordinador del Centro Interuniversitario de Estudios Europeos de la Universidad de Alicante y de la <strong><em>Profa. Dra. Marta Sobrido Prieto<\/em><\/strong>, Titular de Derecho Internacional P\u00fablico. Universidad de A Coru\u00f1a.<\/p>\n<p style=\"text-align: justify\">En <em><u>la segunda mesa<\/u><\/em>, mi\u00e9rcoles 24 de noviembre a las <strong>12:15 horas<\/strong> intervendr\u00e1n como ponentes tres profesores italianos: el <strong><em>Prof. Dr.\u00a0<\/em><\/strong><strong><em>Leonardo Pasquali<\/em><\/strong>, \u00a0Associato di Diritto internazionale, Responsabile Modulo <em>Jean Monnet Solidarity in EU Law<\/em>, Dipartimento di Giurisprudenza. Universit\u00e0 di Pisa (Italia), <strong><em>Prof. Dr.Simone Vezzani<\/em><\/strong>, Associato di Diritto dell\u2019Unione Europea e Tutela dei diritti umani. Dipartimento di Giurisprudenza. Universit\u00e0 di Perugia (Italia), <strong><em>Profa. Dra. Teresa Russo<\/em><\/strong>, Associato di Diritto dell\u2019Unione Europea, Responsabile Modulo <em>Jean Monnet EU-Western Balkans Cooperation on Justice and Home Affairs<\/em>, Dipartimento di Scienze Giuridiche. Universit\u00e0 di Salerno (Italia) y el <strong><em>Prof. Dr. Francisco Pascual Vives<\/em><\/strong>, Titular de Derecho Internacional P\u00fablico y Relaciones Internacionales. Universidad de Alcal\u00e1.<\/p>\n<p style=\"text-align: justify\">La <strong>Segunda Jornada<\/strong> tendr\u00e1 lugar el mi\u00e9rcoles <strong>1 de diciembre de 2021<\/strong> y se compone de dos actividades diferentes. Por la ma\u00f1ana tendr\u00e1 lugar <strong>una mesa redonda<\/strong> a la que seguir\u00e1, por la tarde, un <strong>taller pr\u00e1ctico participativo<\/strong> titulado <strong><em>Reforzar los valores de la Uni\u00f3n Europea. El papel de la ciudadan\u00eda<\/em><\/strong>, que se incorpora como evento de la Conferencia. <a href=\"https:\/\/futureu.europa.eu\/processes\/ValuesRights\/f\/11\/meetings\/89431?locale=es\">Enlace Evento Conferencia<\/a><\/p>\n<p style=\"text-align: justify\">La <strong>mesa redonda<\/strong> del d\u00eda<strong> 1 de diciembre<\/strong> tendr\u00e1 lugar a las <strong>12:30<\/strong> <strong>horas<\/strong>\u00a0Aula 0.2 Arenals y contar\u00e1 con la participaci\u00f3n como ponentes de dos reconocidos especialistas: la<strong><em> Prof\u00aa. D\u00f1a. Araceli Mangas Mart\u00edn<\/em><\/strong>, Catedr\u00e1tica de Universidad de Derecho Internacional P\u00fablico y Relaciones Internacionales de la Universidad Complutense de Madrid y Acad\u00e9mica de N\u00famero de la Real Academia de las Ciencias Morales y Pol\u00edticas de Espa\u00f1a, y el <strong><em>Prof. Dr. Carlos Jim\u00e9nez Piernas<\/em><\/strong>, Catedr\u00e1tico de Derecho Internacional P\u00fablico y Relaciones Internacionales de la Universidad de Alcal\u00e1. Moderar\u00e1 la mesa la <strong><em>Profa. Dra. Elena Crespo Navarro<\/em><\/strong>.<\/p>\n<p style=\"text-align: justify\">En el <strong>taller pr\u00e1ctico (16:30h Aula 0.1 Arenals)\u00a0<\/strong>el protagonismo pasa directa y plenamente a los participantes. Sobre la base de las ideas expuestas por los expertos en las mesas redondas, en el taller se reflexionar\u00e1 sobre la necesidad de reforzar los valores de la UE y sobre el papel que para ello puede jugar la ciudadan\u00eda. Esta actividad se dedicar\u00e1, en primer lugar, a explicar brevemente el funcionamiento de la plataforma de la Conferencia sobre el futuro de Europa y el modo en que pueden proponerse ideas a trav\u00e9s de la misma o comentar ideas ya propuestas por otros y, en segundo lugar, a la presentaci\u00f3n de ideas por los propios participantes que debatir\u00e1n sobre las mismas y confeccionar\u00e1n propuestas concretas redactando un informe final, con la asistencia de las moderadoras, que ser\u00e1 elevado a la plataforma de la Conferencia. \u00a0El taller se desarrollar\u00e1 en tres pasos: planteamiento y debate de ideas sobre los retos y prioridades de la UE, identificaci\u00f3n de temas, y desaf\u00edos y propuesta de soluciones. La actividad finalizar\u00e1 con la elaboraci\u00f3n de un informe consensuado que ser\u00e1 subido a la plataforma de la Conferencia.<\/p>\n<p style=\"text-align: justify\">El taller ser\u00e1 moderado por dos Doctorandas del Programa de Ciencias Sociales y Jur\u00eddicas, <strong><em>D\u00f1a. Alessandra<\/em> <em>Nasoni y D\u00f1a. Adela Rodr\u00edguez Ma\u00f1ogil<\/em><\/strong> y por una estudiante de Doble Grado en DADE, colaboradora del Departamento de Ciencia Jur\u00eddica, <strong><em>D\u00f1a. Roc\u00edo Pozo Tom\u00e1s.<\/em><\/strong><\/p>\n<p style=\"text-align: justify\"><strong>No dud\u00e9is en participar.<\/strong><\/p>\n<p style=\"text-align: justify\">Se entregar\u00e1 certificado de asistencia a quienes asistan al taller y, al menos a dos conferencias y lo soliciten al cumplimentar el <strong><a href=\"https:\/\/docs.google.com\/forms\/d\/e\/1FAIpQLSdHMoxGIYjHn3i6X7AhOt_8vLYUZPvSoZfj1qokZaTWDvvRQw\/viewform\">FORMULARIO DE INSCRIPCI\u00d3N<\/a>.<\/strong><\/p>\n<p><a href=\"https:\/\/derechointernacionalpublico.umh.es\/files\/2021\/11\/Poster.pdf\">Poster<\/a><\/p>\n<p><a href=\"https:\/\/derechointernacionalpublico.umh.es\/files\/2021\/11\/Diptico.pdf\">D\u00edptico<\/a><\/p>\n<p><a href=\"https:\/\/derechointernacionalpublico.umh.es\/files\/2021\/11\/20211124_102236-scaled.jpg\"><img loading=\"lazy\" class=\"alignnone size-medium wp-image-1159\" src=\"https:\/\/derechointernacionalpublico.umh.es\/files\/2021\/11\/20211124_102236-300x225.jpg\" alt=\"\" width=\"300\" height=\"225\" srcset=\"https:\/\/derechointernacionalpublico.umh.es\/files\/2021\/11\/20211124_102236-300x225.jpg 300w, https:\/\/derechointernacionalpublico.umh.es\/files\/2021\/11\/20211124_102236-1024x768.jpg 1024w, https:\/\/derechointernacionalpublico.umh.es\/files\/2021\/11\/20211124_102236-768x576.jpg 768w, https:\/\/derechointernacionalpublico.umh.es\/files\/2021\/11\/20211124_102236-1536x1152.jpg 1536w, https:\/\/derechointernacionalpublico.umh.es\/files\/2021\/11\/20211124_102236-2048x1536.jpg 2048w\" sizes=\"(max-width: 300px) 100vw, 300px\" \/><\/a> <a href=\"https:\/\/derechointernacionalpublico.umh.es\/files\/2021\/11\/20211124_110543-scaled.jpg\"><img loading=\"lazy\" class=\"alignnone size-medium wp-image-1156\" src=\"https:\/\/derechointernacionalpublico.umh.es\/files\/2021\/11\/20211124_110543-300x225.jpg\" alt=\"\" width=\"300\" height=\"225\" srcset=\"https:\/\/derechointernacionalpublico.umh.es\/files\/2021\/11\/20211124_110543-300x225.jpg 300w, https:\/\/derechointernacionalpublico.umh.es\/files\/2021\/11\/20211124_110543-1024x768.jpg 1024w, https:\/\/derechointernacionalpublico.umh.es\/files\/2021\/11\/20211124_110543-768x576.jpg 768w, https:\/\/derechointernacionalpublico.umh.es\/files\/2021\/11\/20211124_110543-1536x1152.jpg 1536w, https:\/\/derechointernacionalpublico.umh.es\/files\/2021\/11\/20211124_110543-2048x1536.jpg 2048w\" sizes=\"(max-width: 300px) 100vw, 300px\" \/><\/a> <a href=\"https:\/\/derechointernacionalpublico.umh.es\/files\/2021\/11\/20211124_111432-scaled.jpg\"><img loading=\"lazy\" class=\"alignnone size-medium wp-image-1162\" src=\"https:\/\/derechointernacionalpublico.umh.es\/files\/2021\/11\/20211124_111432-300x225.jpg\" alt=\"\" width=\"300\" height=\"225\" srcset=\"https:\/\/derechointernacionalpublico.umh.es\/files\/2021\/11\/20211124_111432-300x225.jpg 300w, https:\/\/derechointernacionalpublico.umh.es\/files\/2021\/11\/20211124_111432-1024x768.jpg 1024w, https:\/\/derechointernacionalpublico.umh.es\/files\/2021\/11\/20211124_111432-768x576.jpg 768w, https:\/\/derechointernacionalpublico.umh.es\/files\/2021\/11\/20211124_111432-1536x1152.jpg 1536w, https:\/\/derechointernacionalpublico.umh.es\/files\/2021\/11\/20211124_111432-2048x1536.jpg 2048w\" sizes=\"(max-width: 300px) 100vw, 300px\" \/><\/a> <a href=\"https:\/\/derechointernacionalpublico.umh.es\/files\/2021\/11\/WhatsApp-Image-2021-11-26-at-16.23.53-1.jpeg\"><img loading=\"lazy\" class=\"alignnone size-medium wp-image-1201\" src=\"https:\/\/derechointernacionalpublico.umh.es\/files\/2021\/11\/WhatsApp-Image-2021-11-26-at-16.23.53-1-300x206.jpeg\" alt=\"\" width=\"300\" height=\"206\" srcset=\"https:\/\/derechointernacionalpublico.umh.es\/files\/2021\/11\/WhatsApp-Image-2021-11-26-at-16.23.53-1-300x206.jpeg 300w, https:\/\/derechointernacionalpublico.umh.es\/files\/2021\/11\/WhatsApp-Image-2021-11-26-at-16.23.53-1-1024x704.jpeg 1024w, https:\/\/derechointernacionalpublico.umh.es\/files\/2021\/11\/WhatsApp-Image-2021-11-26-at-16.23.53-1-768x528.jpeg 768w, https:\/\/derechointernacionalpublico.umh.es\/files\/2021\/11\/WhatsApp-Image-2021-11-26-at-16.23.53-1-1536x1056.jpeg 1536w, https:\/\/derechointernacionalpublico.umh.es\/files\/2021\/11\/WhatsApp-Image-2021-11-26-at-16.23.53-1.jpeg 1815w\" sizes=\"(max-width: 300px) 100vw, 300px\" \/><\/a> <a href=\"https:\/\/derechointernacionalpublico.umh.es\/files\/2021\/11\/20211124_141453-scaled.jpg\"><img loading=\"lazy\" class=\"alignnone size-medium wp-image-1198\" src=\"https:\/\/derechointernacionalpublico.umh.es\/files\/2021\/11\/20211124_141453-300x237.jpg\" alt=\"\" width=\"300\" height=\"237\" srcset=\"https:\/\/derechointernacionalpublico.umh.es\/files\/2021\/11\/20211124_141453-300x237.jpg 300w, https:\/\/derechointernacionalpublico.umh.es\/files\/2021\/11\/20211124_141453-1024x809.jpg 1024w, https:\/\/derechointernacionalpublico.umh.es\/files\/2021\/11\/20211124_141453-768x607.jpg 768w, https:\/\/derechointernacionalpublico.umh.es\/files\/2021\/11\/20211124_141453-1536x1213.jpg 1536w, https:\/\/derechointernacionalpublico.umh.es\/files\/2021\/11\/20211124_141453-2048x1618.jpg 2048w\" sizes=\"(max-width: 300px) 100vw, 300px\" \/><\/a> <a href=\"https:\/\/derechointernacionalpublico.umh.es\/files\/2021\/11\/EB46AD15-84CE-4F69-90B6-A71444E0E417_1_105_c.jpeg\"><img loading=\"lazy\" class=\"alignnone size-medium wp-image-1192\" src=\"https:\/\/derechointernacionalpublico.umh.es\/files\/2021\/11\/EB46AD15-84CE-4F69-90B6-A71444E0E417_1_105_c-300x206.jpeg\" alt=\"\" width=\"300\" height=\"206\" srcset=\"https:\/\/derechointernacionalpublico.umh.es\/files\/2021\/11\/EB46AD15-84CE-4F69-90B6-A71444E0E417_1_105_c-300x206.jpeg 300w, https:\/\/derechointernacionalpublico.umh.es\/files\/2021\/11\/EB46AD15-84CE-4F69-90B6-A71444E0E417_1_105_c-768x527.jpeg 768w, https:\/\/derechointernacionalpublico.umh.es\/files\/2021\/11\/EB46AD15-84CE-4F69-90B6-A71444E0E417_1_105_c.jpeg 987w\" sizes=\"(max-width: 300px) 100vw, 300px\" \/><\/a> <a href=\"https:\/\/derechointernacionalpublico.umh.es\/files\/2021\/11\/20211201_125704.jpg\"><img loading=\"lazy\" class=\"alignnone size-medium wp-image-1186\" src=\"https:\/\/derechointernacionalpublico.umh.es\/files\/2021\/11\/20211201_125704-286x300.jpg\" alt=\"\" width=\"286\" height=\"300\" srcset=\"https:\/\/derechointernacionalpublico.umh.es\/files\/2021\/11\/20211201_125704-286x300.jpg 286w, https:\/\/derechointernacionalpublico.umh.es\/files\/2021\/11\/20211201_125704-768x806.jpg 768w, https:\/\/derechointernacionalpublico.umh.es\/files\/2021\/11\/20211201_125704.jpg 960w\" sizes=\"(max-width: 286px) 100vw, 286px\" \/><\/a> <a href=\"https:\/\/derechointernacionalpublico.umh.es\/files\/2021\/11\/20211124_115953-scaled.jpg\"><img loading=\"lazy\" class=\"alignnone size-medium wp-image-1183\" src=\"https:\/\/derechointernacionalpublico.umh.es\/files\/2021\/11\/20211124_115953-300x194.jpg\" alt=\"\" width=\"300\" height=\"194\" srcset=\"https:\/\/derechointernacionalpublico.umh.es\/files\/2021\/11\/20211124_115953-300x194.jpg 300w, https:\/\/derechointernacionalpublico.umh.es\/files\/2021\/11\/20211124_115953-1024x664.jpg 1024w, https:\/\/derechointernacionalpublico.umh.es\/files\/2021\/11\/20211124_115953-768x498.jpg 768w, https:\/\/derechointernacionalpublico.umh.es\/files\/2021\/11\/20211124_115953-1536x996.jpg 1536w, https:\/\/derechointernacionalpublico.umh.es\/files\/2021\/11\/20211124_115953-2048x1328.jpg 2048w\" sizes=\"(max-width: 300px) 100vw, 300px\" \/><\/a> <a href=\"https:\/\/derechointernacionalpublico.umh.es\/files\/2021\/11\/F0370F9B-D0DD-4F26-8664-5123A9E1CA34_1_105_c.jpeg\"><img loading=\"lazy\" class=\"alignnone size-medium wp-image-1195\" src=\"https:\/\/derechointernacionalpublico.umh.es\/files\/2021\/11\/F0370F9B-D0DD-4F26-8664-5123A9E1CA34_1_105_c-300x107.jpeg\" alt=\"\" width=\"300\" height=\"107\" srcset=\"https:\/\/derechointernacionalpublico.umh.es\/files\/2021\/11\/F0370F9B-D0DD-4F26-8664-5123A9E1CA34_1_105_c-300x107.jpeg 300w, https:\/\/derechointernacionalpublico.umh.es\/files\/2021\/11\/F0370F9B-D0DD-4F26-8664-5123A9E1CA34_1_105_c-1024x365.jpeg 1024w, https:\/\/derechointernacionalpublico.umh.es\/files\/2021\/11\/F0370F9B-D0DD-4F26-8664-5123A9E1CA34_1_105_c-768x274.jpeg 768w, https:\/\/derechointernacionalpublico.umh.es\/files\/2021\/11\/F0370F9B-D0DD-4F26-8664-5123A9E1CA34_1_105_c.jpeg 1159w\" sizes=\"(max-width: 300px) 100vw, 300px\" \/><\/a> <a href=\"https:\/\/derechointernacionalpublico.umh.es\/files\/2021\/11\/21F84F32-562C-4CD0-AA96-5618E61684DC_1_105_c.jpeg\"><img loading=\"lazy\" class=\"alignnone size-medium wp-image-1174\" src=\"https:\/\/derechointernacionalpublico.umh.es\/files\/2021\/11\/21F84F32-562C-4CD0-AA96-5618E61684DC_1_105_c-300x171.jpeg\" alt=\"\" width=\"300\" height=\"171\" srcset=\"https:\/\/derechointernacionalpublico.umh.es\/files\/2021\/11\/21F84F32-562C-4CD0-AA96-5618E61684DC_1_105_c-300x171.jpeg 300w, https:\/\/derechointernacionalpublico.umh.es\/files\/2021\/11\/21F84F32-562C-4CD0-AA96-5618E61684DC_1_105_c-1024x583.jpeg 1024w, https:\/\/derechointernacionalpublico.umh.es\/files\/2021\/11\/21F84F32-562C-4CD0-AA96-5618E61684DC_1_105_c-768x437.jpeg 768w, https:\/\/derechointernacionalpublico.umh.es\/files\/2021\/11\/21F84F32-562C-4CD0-AA96-5618E61684DC_1_105_c.jpeg 1175w\" sizes=\"(max-width: 300px) 100vw, 300px\" \/><\/a> <a href=\"https:\/\/derechointernacionalpublico.umh.es\/files\/2021\/11\/20211201_180306-scaled.jpg\"><img loading=\"lazy\" class=\"alignnone size-medium wp-image-1168\" src=\"https:\/\/derechointernacionalpublico.umh.es\/files\/2021\/11\/20211201_180306-300x225.jpg\" alt=\"\" width=\"300\" height=\"225\" srcset=\"https:\/\/derechointernacionalpublico.umh.es\/files\/2021\/11\/20211201_180306-300x225.jpg 300w, https:\/\/derechointernacionalpublico.umh.es\/files\/2021\/11\/20211201_180306-1024x768.jpg 1024w, https:\/\/derechointernacionalpublico.umh.es\/files\/2021\/11\/20211201_180306-768x576.jpg 768w, https:\/\/derechointernacionalpublico.umh.es\/files\/2021\/11\/20211201_180306-1536x1152.jpg 1536w, https:\/\/derechointernacionalpublico.umh.es\/files\/2021\/11\/20211201_180306-2048x1536.jpg 2048w\" sizes=\"(max-width: 300px) 100vw, 300px\" \/><\/a> <a href=\"https:\/\/derechointernacionalpublico.umh.es\/files\/2021\/11\/20211201_180302-scaled.jpg\"><img loading=\"lazy\" class=\"alignnone size-medium wp-image-1165\" src=\"https:\/\/derechointernacionalpublico.umh.es\/files\/2021\/11\/20211201_180302-300x225.jpg\" alt=\"\" width=\"300\" height=\"225\" srcset=\"https:\/\/derechointernacionalpublico.umh.es\/files\/2021\/11\/20211201_180302-300x225.jpg 300w, https:\/\/derechointernacionalpublico.umh.es\/files\/2021\/11\/20211201_180302-1024x768.jpg 1024w, https:\/\/derechointernacionalpublico.umh.es\/files\/2021\/11\/20211201_180302-768x576.jpg 768w, https:\/\/derechointernacionalpublico.umh.es\/files\/2021\/11\/20211201_180302-1536x1152.jpg 1536w, https:\/\/derechointernacionalpublico.umh.es\/files\/2021\/11\/20211201_180302-2048x1536.jpg 2048w\" sizes=\"(max-width: 300px) 100vw, 300px\" \/><\/a><\/p>\n<p><a href=\"https:\/\/derechointernacionalpublico.umh.es\/files\/2021\/11\/20211201_185524-scaled.jpg\"><img loading=\"lazy\" class=\"alignnone size-medium wp-image-1171\" src=\"https:\/\/derechointernacionalpublico.umh.es\/files\/2021\/11\/20211201_185524-225x300.jpg\" alt=\"\" width=\"225\" height=\"300\" srcset=\"https:\/\/derechointernacionalpublico.umh.es\/files\/2021\/11\/20211201_185524-225x300.jpg 225w, https:\/\/derechointernacionalpublico.umh.es\/files\/2021\/11\/20211201_185524-768x1024.jpg 768w, https:\/\/derechointernacionalpublico.umh.es\/files\/2021\/11\/20211201_185524-1152x1536.jpg 1152w, https:\/\/derechointernacionalpublico.umh.es\/files\/2021\/11\/20211201_185524-1536x2048.jpg 1536w, https:\/\/derechointernacionalpublico.umh.es\/files\/2021\/11\/20211201_185524-scaled.jpg 1920w\" sizes=\"(max-width: 225px) 100vw, 225px\" \/><\/a><\/p>","protected":false},"excerpt":{"rendered":"<p>La C\u00e1tedra Jean Monnet de la UMH \u201cReforzar los valores de la UE. El papel de la ciudadan\u00eda activa\u201d organiza, con la subvenci\u00f3n de la Presidencia de la Generalitat Valenciana (Resoluci\u00f3n de 6 de junio de 2021) las Jornadas internacionales: La Conferencia sobre el futuro de Europa.<br \/>\nEsta actividad, dirigida por la Prof\u00aa. Dra. Elena Crespo [&#8230;]<\/p>\n","protected":false},"author":5151,"featured_media":0,"comment_status":"closed","ping_status":"open","sticky":false,"template":"","format":"standard","meta":{"ngg_post_thumbnail":0,"_links_to":"","_links_to_target":""},"categories":[1],"tags":[],"_links":{"self":[{"href":"https:\/\/derechointernacionalpublico.umh.es\/ca\/wp-json\/wp\/v2\/posts\/1150"}],"collection":[{"href":"https:\/\/derechointernacionalpublico.umh.es\/ca\/wp-json\/wp\/v2\/posts"}],"about":[{"href":"https:\/\/derechointernacionalpublico.umh.es\/ca\/wp-json\/wp\/v2\/types\/post"}],"author":[{"embeddable":true,"href":"https:\/\/derechointernacionalpublico.umh.es\/ca\/wp-json\/wp\/v2\/users\/5151"}],"replies":[{"embeddable":true,"href":"https:\/\/derechointernacionalpublico.umh.es\/ca\/wp-json\/wp\/v2\/comments?post=1150"}],"version-history":[{"count":0,"href":"https:\/\/derechointernacionalpublico.umh.es\/ca\/wp-json\/wp\/v2\/posts\/1150\/revisions"}],"wp:attachment":[{"href":"https:\/\/derechointernacionalpublico.umh.es\/ca\/wp-json\/wp\/v2\/media?parent=1150"}],"wp:term":[{"taxonomy":"category","embeddable":true,"href":"https:\/\/derechointernacionalpublico.umh.es\/ca\/wp-json\/wp\/v2\/categories?post=1150"},{"taxonomy":"post_tag","embeddable":true,"href":"https:\/\/derechointernacionalpublico.umh.es\/ca\/wp-json\/wp\/v2\/tags?post=1150"}],"curies":[{"name":"wp","href":"https:\/\/api.w.org\/{rel}","templated":true}]}}