{"id":458,"date":"2018-10-26T16:52:28","date_gmt":"2018-10-26T14:52:28","guid":{"rendered":"http:\/\/derechointernacionalpublico.umh.es\/?p=458"},"modified":"2018-10-31T18:47:24","modified_gmt":"2018-10-31T17:47:24","slug":"congreso-internacional-reflexiones-sobre-el-papel-de-la-union-europea-y-sus-esgtados-miembros-ante-la-crisis-migratoria-de-los-ultimos-anos","status":"publish","type":"post","link":"https:\/\/derechointernacionalpublico.umh.es\/ca\/2018\/10\/26\/congreso-internacional-reflexiones-sobre-el-papel-de-la-union-europea-y-sus-esgtados-miembros-ante-la-crisis-migratoria-de-los-ultimos-anos\/","title":{"rendered":"<span lang=\"es\">(Espa\u00f1ol) CONGRESO INTERNACIONAL: REFLEXIONES SOBRE EL PAPEL DE LA UNI\u00d3N EUROPEA Y SUS ESTADOS MIEMBROS ANTE LA CRISIS MIGRATORIA DE LOS \u00daLTIMOS A\u00d1OS<\/span>"},"content":{"rendered":"<p class=\"qtranxs-available-languages-message qtranxs-available-languages-message-ca\">Ho sentim, aquesta entrada es troba disponible \u00fanicament en <a href=\"https:\/\/derechointernacionalpublico.umh.es\/es\/wp-json\/wp\/v2\/posts\/458\" class=\"qtranxs-available-language-link qtranxs-available-language-link-es\" title=\"Espa\u00f1ol\">Espanyol Europeu<\/a>.<\/p>","protected":false},"excerpt":{"rendered":"<p>Ho sentim, aquesta entrada es troba disponible \u00fanicament en Espanyol Europeu.<\/p>\n","protected":false},"author":789,"featured_media":0,"comment_status":"closed","ping_status":"open","sticky":false,"template":"","format":"standard","meta":{"ngg_post_thumbnail":0,"_links_to":"","_links_to_target":""},"categories":[1],"tags":[],"_links":{"self":[{"href":"https:\/\/derechointernacionalpublico.umh.es\/ca\/wp-json\/wp\/v2\/posts\/458"}],"collection":[{"href":"https:\/\/derechointernacionalpublico.umh.es\/ca\/wp-json\/wp\/v2\/posts"}],"about":[{"href":"https:\/\/derechointernacionalpublico.umh.es\/ca\/wp-json\/wp\/v2\/types\/post"}],"author":[{"embeddable":true,"href":"https:\/\/derechointernacionalpublico.umh.es\/ca\/wp-json\/wp\/v2\/users\/789"}],"replies":[{"embeddable":true,"href":"https:\/\/derechointernacionalpublico.umh.es\/ca\/wp-json\/wp\/v2\/comments?post=458"}],"version-history":[{"count":0,"href":"https:\/\/derechointernacionalpublico.umh.es\/ca\/wp-json\/wp\/v2\/posts\/458\/revisions"}],"wp:attachment":[{"href":"https:\/\/derechointernacionalpublico.umh.es\/ca\/wp-json\/wp\/v2\/media?parent=458"}],"wp:term":[{"taxonomy":"category","embeddable":true,"href":"https:\/\/derechointernacionalpublico.umh.es\/ca\/wp-json\/wp\/v2\/categories?post=458"},{"taxonomy":"post_tag","embeddable":true,"href":"https:\/\/derechointernacionalpublico.umh.es\/ca\/wp-json\/wp\/v2\/tags?post=458"}],"curies":[{"name":"wp","href":"https:\/\/api.w.org\/{rel}","templated":true}]}}