{"id":158,"date":"2015-02-27T17:23:29","date_gmt":"2015-02-27T16:23:29","guid":{"rendered":"http:\/\/derechointernacionalpublico.umh.es\/?p=158"},"modified":"2015-03-04T15:44:17","modified_gmt":"2015-03-04T14:44:17","slug":"ii-jornadas-sobre-la-accion-exterior-de-la-union-europea-en-materia-de-proteccion-de-los-derechos-humanos","status":"publish","type":"post","link":"https:\/\/derechointernacionalpublico.umh.es\/en\/2015\/02\/27\/ii-jornadas-sobre-la-accion-exterior-de-la-union-europea-en-materia-de-proteccion-de-los-derechos-humanos\/","title":{"rendered":"<span lang=\"es\">(Espa\u00f1ol) II Jornadas sobre la acci\u00f3n exterior de la Uni\u00f3n Europea en materia de protecci\u00f3n de los derechos humanos<\/span>"},"content":{"rendered":"<p class=\"qtranxs-available-languages-message qtranxs-available-languages-message-en\">Sorry, this entry is only available in <a href=\"https:\/\/derechointernacionalpublico.umh.es\/es\/wp-json\/wp\/v2\/posts\/158\" class=\"qtranxs-available-language-link qtranxs-available-language-link-es\" title=\"Espa\u00f1ol\">European Spanish<\/a>.<\/p>","protected":false},"excerpt":{"rendered":"<p>Sorry, this entry is only available in European Spanish.<\/p>\n","protected":false},"author":1217,"featured_media":0,"comment_status":"closed","ping_status":"open","sticky":false,"template":"","format":"standard","meta":{"ngg_post_thumbnail":0,"_links_to":"","_links_to_target":""},"categories":[1],"tags":[],"_links":{"self":[{"href":"https:\/\/derechointernacionalpublico.umh.es\/en\/wp-json\/wp\/v2\/posts\/158"}],"collection":[{"href":"https:\/\/derechointernacionalpublico.umh.es\/en\/wp-json\/wp\/v2\/posts"}],"about":[{"href":"https:\/\/derechointernacionalpublico.umh.es\/en\/wp-json\/wp\/v2\/types\/post"}],"author":[{"embeddable":true,"href":"https:\/\/derechointernacionalpublico.umh.es\/en\/wp-json\/wp\/v2\/users\/1217"}],"replies":[{"embeddable":true,"href":"https:\/\/derechointernacionalpublico.umh.es\/en\/wp-json\/wp\/v2\/comments?post=158"}],"version-history":[{"count":0,"href":"https:\/\/derechointernacionalpublico.umh.es\/en\/wp-json\/wp\/v2\/posts\/158\/revisions"}],"wp:attachment":[{"href":"https:\/\/derechointernacionalpublico.umh.es\/en\/wp-json\/wp\/v2\/media?parent=158"}],"wp:term":[{"taxonomy":"category","embeddable":true,"href":"https:\/\/derechointernacionalpublico.umh.es\/en\/wp-json\/wp\/v2\/categories?post=158"},{"taxonomy":"post_tag","embeddable":true,"href":"https:\/\/derechointernacionalpublico.umh.es\/en\/wp-json\/wp\/v2\/tags?post=158"}],"curies":[{"name":"wp","href":"https:\/\/api.w.org\/{rel}","templated":true}]}}