{"id":172,"date":"2015-04-16T22:12:46","date_gmt":"2015-04-16T20:12:46","guid":{"rendered":"http:\/\/derechointernacionalpublico.umh.es\/?p=172"},"modified":"2015-04-16T22:12:46","modified_gmt":"2015-04-16T20:12:46","slug":"mesa-redonda-los-derechos-humanos-en-la-politica-exterior-y-de-seguridad-comun-de-la-union-europea","status":"publish","type":"post","link":"https:\/\/derechointernacionalpublico.umh.es\/en\/2015\/04\/16\/mesa-redonda-los-derechos-humanos-en-la-politica-exterior-y-de-seguridad-comun-de-la-union-europea\/","title":{"rendered":"<span lang=\"es\">(Espa\u00f1ol) Mesa redonda: \u201cLos derechos humanos en la Pol\u00edtica Exterior y de Seguridad Com\u00fan de la Uni\u00f3n Europea\u201d<\/span>"},"content":{"rendered":"<p class=\"qtranxs-available-languages-message qtranxs-available-languages-message-en\">Sorry, this entry is only available in <a href=\"https:\/\/derechointernacionalpublico.umh.es\/es\/wp-json\/wp\/v2\/posts\/172\" class=\"qtranxs-available-language-link qtranxs-available-language-link-es\" title=\"Espa\u00f1ol\">European Spanish<\/a>.<\/p>","protected":false},"excerpt":{"rendered":"<p>Sorry, this entry is only available in European Spanish.<\/p>\n","protected":false},"author":1217,"featured_media":0,"comment_status":"closed","ping_status":"open","sticky":false,"template":"","format":"standard","meta":{"ngg_post_thumbnail":0,"_links_to":"","_links_to_target":""},"categories":[1],"tags":[],"_links":{"self":[{"href":"https:\/\/derechointernacionalpublico.umh.es\/en\/wp-json\/wp\/v2\/posts\/172"}],"collection":[{"href":"https:\/\/derechointernacionalpublico.umh.es\/en\/wp-json\/wp\/v2\/posts"}],"about":[{"href":"https:\/\/derechointernacionalpublico.umh.es\/en\/wp-json\/wp\/v2\/types\/post"}],"author":[{"embeddable":true,"href":"https:\/\/derechointernacionalpublico.umh.es\/en\/wp-json\/wp\/v2\/users\/1217"}],"replies":[{"embeddable":true,"href":"https:\/\/derechointernacionalpublico.umh.es\/en\/wp-json\/wp\/v2\/comments?post=172"}],"version-history":[{"count":0,"href":"https:\/\/derechointernacionalpublico.umh.es\/en\/wp-json\/wp\/v2\/posts\/172\/revisions"}],"wp:attachment":[{"href":"https:\/\/derechointernacionalpublico.umh.es\/en\/wp-json\/wp\/v2\/media?parent=172"}],"wp:term":[{"taxonomy":"category","embeddable":true,"href":"https:\/\/derechointernacionalpublico.umh.es\/en\/wp-json\/wp\/v2\/categories?post=172"},{"taxonomy":"post_tag","embeddable":true,"href":"https:\/\/derechointernacionalpublico.umh.es\/en\/wp-json\/wp\/v2\/tags?post=172"}],"curies":[{"name":"wp","href":"https:\/\/api.w.org\/{rel}","templated":true}]}}